{"id":20471,"date":"2022-05-24T02:21:50","date_gmt":"2022-05-24T02:21:50","guid":{"rendered":"https:\/\/www.avenueeco.com\/da-transformacao-digital-a-revolucao-digital\/"},"modified":"2023-08-24T19:06:57","modified_gmt":"2023-08-24T19:06:57","slug":"da-transformacao-digital-a-revolucao-digital","status":"publish","type":"post","link":"https:\/\/www.avenueeco.com\/pt-br\/blog\/da-transformacao-digital-a-revolucao-digital\/","title":{"rendered":"Da transforma\u00e7\u00e3o digital \u00e0 revolu\u00e7\u00e3o digital"},"content":{"rendered":"<p><span style=\"font-weight: 400;\">Pela primeira vez na hist\u00f3ria, as organiza\u00e7\u00f5es empresariais est\u00e3o provando que \u00e9 poss\u00edvel entrar na era digital em quest\u00e3o de semanas, em vez de anos. O que mudou? A resposta somos n\u00f3s.  <\/span><\/p>\n<h2><b>A evolu\u00e7\u00e3o digital: Uma hist\u00f3ria<\/b><\/h2>\n<p><span style=\"font-weight: 400;\">Quando a economia dos EUA entrou em colapso em 2008, a maioria das empresas reagiu entrando na era digital. Simplesmente, a automa\u00e7\u00e3o significava economia de custos.  <\/span><\/p>\n<p><span style=\"font-weight: 400;\">De 2008 a 2013, as empresas de varejo da Fortune 100 firmaram parceria com a <a href=\"http:\/\/www.avenueeco.com\/\/www.avenuecode.com\">Avenue Code<\/a> para solu\u00e7\u00f5es pioneiras de com\u00e9rcio eletr\u00f4nico que serviram como modelo para a <strong>transforma\u00e7\u00e3o digital<\/strong> global.&nbsp;<\/span><\/p>\n<p><span style=\"font-weight: 400;\">De 2014 a 2017, a Europa e a Am\u00e9rica Latina se envolveram na <strong>digitaliza\u00e7\u00e3o<\/strong>, come\u00e7ando com o com\u00e9rcio eletr\u00f4nico, enquanto nos EUA, FinTech e outros come\u00e7aram a seguir o exemplo. <\/span><\/p>\n<p><span style=\"font-weight: 400;\">A partir de 2018-2019, os \u00faltimos adotantes como as ind\u00fastrias automotiva, de manufatura e at\u00e9 mesmo de gerenciamento de res\u00edduos come\u00e7aram suas pr\u00f3prias vers\u00f5es de <strong>transforma\u00e7\u00f5es digitais<\/strong>, automatizando processos para se manterem competitivos.&nbsp;<\/span><\/p>\n<p><span style=\"font-weight: 400;\">Gra\u00e7as \u00e0s melhorias tecnol\u00f3gicas e \u00e0 melhor aquisi\u00e7\u00e3o de lideran\u00e7a, as <strong>transforma\u00e7\u00f5es digitais<\/strong> que levavam organiza\u00e7\u00f5es empresariais de 2 a 5 anos em 2008 levaram apenas 1-2 anos em 2019.<\/span><\/p>\n<p><a href=\"https:\/\/bit.ly\/3xHNOeb\"><img fetchpriority=\"high\" decoding=\"async\" class=\"alignnone size-full wp-image-16076\" src=\"https:\/\/www.avenueeco.com\/wp-content\/uploads\/2022\/09\/ezgif.com-gif-maker-21.webp\" alt=\"Avenue engage banner\" width=\"1220\" height=\"232\"><\/a><\/p>\n<h2><b>COVID-19: Mude para o digital ou morra<\/b><\/h2>\n<p><span style=\"font-weight: 400;\">Depois veio 2020, e de um dia para o outro, o mundo se viu abrigado em casa. As tend\u00eancias digitais que agregavam valor comercial no passado se tornaram indispens\u00e1veis para a viabilidade do mercado. O trabalho remoto tornou-se obrigat\u00f3rio. O atendimento ao cliente on-line tornou-se imperativo. As nuvens se tornaram cruciais.    &nbsp;<\/span><\/p>\n<p><span style=\"font-weight: 400;\">No varejo, as vendas on-line aumentaram 76% ano ap\u00f3s ano (Com\u00e9rcio Digital 360). Na educa\u00e7\u00e3o, mais de 1,5 bilh\u00f5es de estudantes foram afetados (UNESCO), resultando em uma mudan\u00e7a global para o e-learning, com alguns provedores de ensino implantando mais de 100.000 servidores em nuvem em apenas 2 horas (F\u00f3rum Econ\u00f4mico Mundial).  <\/span><\/p>\n<p><span style=\"font-weight: 400;\">No setor da sa\u00fade, os Centros de Servi\u00e7os de Medicare e Medicaid viram 10,1 milh\u00f5es de benefici\u00e1rios receberem servi\u00e7os de telesa\u00fade desde meados de mar\u00e7o at\u00e9 o in\u00edcio de julho (HHS.gov). Em resumo, as empresas foram confrontadas com um desafio &#8211; entrar na era digital ou morrer. &nbsp;<\/span><\/p>\n<p><span style=\"font-weight: 400;\">E o mundo passou no teste. Agora as equipes est\u00e3o entrando na era digital em 4-8 semanas e trabalhando de casa, n\u00e3o apenas com efici\u00eancia compar\u00e1vel, mas com maior efici\u00eancia. &nbsp;<\/span><\/p>\n<p><img decoding=\"async\" class=\"aligncenter wp-image-7322 size-full\" src=\"https:\/\/www.avenueeco.com\/wp-content\/uploads\/2022\/05\/Asset-1@2x.png\" alt=\"\" width=\"1600\" height=\"560\" srcset=\"https:\/\/www.avenueeco.com\/wp-content\/uploads\/2022\/05\/Asset-1@2x.png 1600w, https:\/\/www.avenueeco.com\/wp-content\/uploads\/2022\/05\/Asset-1@2x-300x105.png 300w, https:\/\/www.avenueeco.com\/wp-content\/uploads\/2022\/05\/Asset-1@2x-1024x358.png 1024w, https:\/\/www.avenueeco.com\/wp-content\/uploads\/2022\/05\/Asset-1@2x-768x269.png 768w, https:\/\/www.avenueeco.com\/wp-content\/uploads\/2022\/05\/Asset-1@2x-1536x538.png 1536w\" sizes=\"(max-width: 1600px) 100vw, 1600px\" \/><\/p>\n<h2><b>Isto \u00e9 o que parece a Transforma\u00e7\u00e3o Digital Acelerada<\/b><\/h2>\n<p><span style=\"font-weight: 400;\">A <strong>transforma\u00e7\u00e3o digital<\/strong> costumava come\u00e7ar com os departamentos de tecnologia e lentamente penetrar em toda a empresa. Agora s\u00e3o as unidades de neg\u00f3cios que exigem as reformas digitais. <\/span><\/p>\n<p><span style=\"font-weight: 400;\"> Costum\u00e1vamos come\u00e7ar com frutas de baixa suspens\u00e3o como processos iterativos e MVPs, e lentamente constru\u00edmos nosso caminho para cima do fluxo. Agora estamos digitalizando todo o fluxo de valor de uma s\u00f3 vez.  <\/span><\/p>\n<p><span style=\"font-weight: 400;\">Costum\u00e1vamos ter uma equipe que se adaptava de cada vez. Agora, organiza\u00e7\u00f5es inteiras est\u00e3o competindo por uma adapta\u00e7\u00e3o r\u00e1pida. Passamos de finan\u00e7as convincentes de que o digital era um investimento que valia a pena para financiar a transforma\u00e7\u00e3o digital.  &nbsp;<\/span><\/p>\n<h2><b>A Nova Norma: um DNA Digital<\/b><\/h2>\n<p><span style=\"font-weight: 400;\">O que mudou que tornou poss\u00edvel a transforma\u00e7\u00e3o digital acelerada? A resposta somos n\u00f3s. A COVID-19 nos obrigou a estar abertos \u00e0 mudan\u00e7a porque a mudan\u00e7a nos d\u00e1 um caminho a seguir.  <\/span><\/p>\n<p><span style=\"font-weight: 400;\"> Sabemos agora que a transforma\u00e7\u00e3o digital \u00e9 a resposta, e exigimos que a digitaliza\u00e7\u00e3o seja acelerada porque sabemos que \u00e9 poss\u00edvel.<\/span><\/p>\n","protected":false},"excerpt":{"rendered":"<p>Pela primeira vez na hist\u00f3ria, as organiza\u00e7\u00f5es empresariais est\u00e3o provando que \u00e9 poss\u00edvel entrar na era digital em quest\u00e3o de semanas, em vez de anos. O que mudou? A resposta somos n\u00f3s. A evolu\u00e7\u00e3o digital: Uma hist\u00f3ria Quando a economia dos EUA entrou em colapso em 2008, a maioria das empresas reagiu entrando na era [&hellip;]<\/p>\n","protected":false},"author":23,"featured_media":19750,"comment_status":"open","ping_status":"open","sticky":false,"template":"","format":"standard","meta":{"content-type":"","_monsterinsights_skip_tracking":false,"_monsterinsights_sitenote_active":false,"_monsterinsights_sitenote_note":"","_monsterinsights_sitenote_category":0,"site-sidebar-layout":"default","site-content-layout":"default","ast-site-content-layout":"","site-content-style":"default","site-sidebar-style":"default","ast-global-header-display":"","ast-banner-title-visibility":"","ast-main-header-display":"","ast-hfb-above-header-display":"","ast-hfb-below-header-display":"","ast-hfb-mobile-header-display":"","site-post-title":"","ast-breadcrumbs-content":"","ast-featured-img":"","footer-sml-layout":"","theme-transparent-header-meta":"default","adv-header-id-meta":"","stick-header-meta":"","header-above-stick-meta":"","header-main-stick-meta":"","header-below-stick-meta":"","astra-migrate-meta-layouts":"default","ast-page-background-enabled":"default","ast-page-background-meta":{"desktop":{"background-color":"var(--ast-global-color-4)","background-image":"","background-repeat":"repeat","background-position":"center center","background-size":"auto","background-attachment":"scroll","background-type":"","background-media":"","overlay-type":"","overlay-color":"","overlay-opacity":"","overlay-gradient":""},"tablet":{"background-color":"","background-image":"","background-repeat":"repeat","background-position":"center center","background-size":"auto","background-attachment":"scroll","background-type":"","background-media":"","overlay-type":"","overlay-color":"","overlay-opacity":"","overlay-gradient":""},"mobile":{"background-color":"","background-image":"","background-repeat":"repeat","background-position":"center center","background-size":"auto","background-attachment":"scroll","background-type":"","background-media":"","overlay-type":"","overlay-color":"","overlay-opacity":"","overlay-gradient":""}},"ast-content-background-meta":{"desktop":{"background-color":"var(--ast-global-color-5)","background-image":"","background-repeat":"repeat","background-position":"center center","background-size":"auto","background-attachment":"scroll","background-type":"","background-media":"","overlay-type":"","overlay-color":"","overlay-opacity":"","overlay-gradient":""},"tablet":{"background-color":"var(--ast-global-color-5)","background-image":"","background-repeat":"repeat","background-position":"center center","background-size":"auto","background-attachment":"scroll","background-type":"","background-media":"","overlay-type":"","overlay-color":"","overlay-opacity":"","overlay-gradient":""},"mobile":{"background-color":"var(--ast-global-color-5)","background-image":"","background-repeat":"repeat","background-position":"center center","background-size":"auto","background-attachment":"scroll","background-type":"","background-media":"","overlay-type":"","overlay-color":"","overlay-opacity":"","overlay-gradient":""}},"footnotes":""},"categories":[108],"tags":[],"class_list":["post-20471","post","type-post","status-publish","format-standard","has-post-thumbnail","hentry","category-gestao-de-empresas-pt-br"],"aioseo_notices":[],"_links":{"self":[{"href":"https:\/\/www.avenueeco.com\/pt-br\/wp-json\/wp\/v2\/posts\/20471","targetHints":{"allow":["GET"]}}],"collection":[{"href":"https:\/\/www.avenueeco.com\/pt-br\/wp-json\/wp\/v2\/posts"}],"about":[{"href":"https:\/\/www.avenueeco.com\/pt-br\/wp-json\/wp\/v2\/types\/post"}],"author":[{"embeddable":true,"href":"https:\/\/www.avenueeco.com\/pt-br\/wp-json\/wp\/v2\/users\/23"}],"replies":[{"embeddable":true,"href":"https:\/\/www.avenueeco.com\/pt-br\/wp-json\/wp\/v2\/comments?post=20471"}],"version-history":[{"count":1,"href":"https:\/\/www.avenueeco.com\/pt-br\/wp-json\/wp\/v2\/posts\/20471\/revisions"}],"predecessor-version":[{"id":25453,"href":"https:\/\/www.avenueeco.com\/pt-br\/wp-json\/wp\/v2\/posts\/20471\/revisions\/25453"}],"wp:featuredmedia":[{"embeddable":true,"href":"https:\/\/www.avenueeco.com\/pt-br\/wp-json\/wp\/v2\/media\/19750"}],"wp:attachment":[{"href":"https:\/\/www.avenueeco.com\/pt-br\/wp-json\/wp\/v2\/media?parent=20471"}],"wp:term":[{"taxonomy":"category","embeddable":true,"href":"https:\/\/www.avenueeco.com\/pt-br\/wp-json\/wp\/v2\/categories?post=20471"},{"taxonomy":"post_tag","embeddable":true,"href":"https:\/\/www.avenueeco.com\/pt-br\/wp-json\/wp\/v2\/tags?post=20471"}],"curies":[{"name":"wp","href":"https:\/\/api.w.org\/{rel}","templated":true}]}}